{"id":1282,"date":"2024-07-19T13:22:38","date_gmt":"2024-07-19T11:22:38","guid":{"rendered":"https:\/\/www.alcis.net\/?p=1282"},"modified":"2024-07-19T15:24:36","modified_gmt":"2024-07-19T13:24:36","slug":"ilae-european-epilepsy-congress","status":"publish","type":"post","link":"https:\/\/www.alcis.net\/en\/ilae-european-epilepsy-congress\/","title":{"rendered":"ILAE European Epilepsy Congress"},"content":{"rendered":"\n<p>ALCIS sera pr\u00e9sente au 15\u00e8me Congr\u00e8s Europ\u00e9en de l&#8217;Epilepsie qui ce d\u00e9roulera cette ann\u00e9e \u00e0 Rome du 7 au septembre. Nous vous attendons sur notre <mark style=\"background-color:rgba(0, 0, 0, 0)\" class=\"has-inline-color has-secondary-color\"><strong>stand n\u00b0341<\/strong><\/mark> !<\/p>\n\n\n\n<p>Le programme de ce congr\u00e8s international pr\u00e9sente les derni\u00e8res recherches de pointe dans le domaine de l&#8217;\u00e9pilepsie, et couvre l&#8217;\u00e9pileptologie en g\u00e9n\u00e9ral, avec un accent sur 5 th\u00e8mes s\u00e9lectionn\u00e9s : \u00e9pileptologie adulte, sciences fondamentales, chirurgie, \u00e9pileptologie p\u00e9diatrique, pharmacologie. <\/p>\n\n\n\n<hr class=\"wp-block-separator has-alpha-channel-opacity\"\/>\n\n\n\n<div class=\"wp-block-group is-layout-constrained wp-block-group-is-layout-constrained\">\n<p>Ce Congr\u00e8s est organis\u00e9e par l&#8217;ILAE (International League Against Epilepsy), organisation internationale fond\u00e9e en 1909 avec diff\u00e9rentes ambitions: <\/p>\n\n\n\n<p>&#8211; Servir les professionnels de sant\u00e9 en tant que premi\u00e8re ressource internationale concernant les meilleures pratiques et les standards actuels et \u00e9mergents <\/p>\n\n\n\n<p>&#8211; Soutenir les professionnels de sant\u00e9 \u00e0 travers le monde en am\u00e9liorant leurs connaissances et comp\u00e9tences dans la pr\u00e9vention, le diagnostic, le traitement et la prise en charge de l&#8217;\u00e9pilepsie<\/p>\n\n\n\n<p>&#8211; Militer pour que l&#8217;\u00e9pilepsie soit consid\u00e9r\u00e9e comme un sujet de sant\u00e9 publique majeur<\/p>\n\n\n\n<p>&#8211; Promouvoir la recherche et l&#8217;innovation au service de l&#8217;\u00e9pilepsie<\/p>\n<\/div>\n\n\n\n<hr class=\"wp-block-separator has-alpha-channel-opacity\"\/>\n\n\n\n<p>Retrouvez toutes les informations sur le congr\u00e8s <a href=\"https:\/\/www.ilae.org\/congresses\/15th-european-epilepsy-congress\" target=\"_blank\" rel=\"noopener\"><strong>ici<\/strong><\/a>.<\/p>\n","protected":false},"excerpt":{"rendered":"<p>ALCIS sera pr\u00e9sente au 15\u00e8me Congr\u00e8s Europ\u00e9en de l&#8217;Epilepsie qui ce d\u00e9roulera cette ann\u00e9e \u00e0 Rome du 7 au septembre. [&hellip;]<\/p>\n","protected":false},"author":7,"featured_media":1295,"comment_status":"closed","ping_status":"closed","sticky":false,"template":"","format":"standard","meta":{"_acf_changed":false,"footnotes":""},"categories":[1],"tags":[80,79],"class_list":["post-1282","post","type-post","status-publish","format-standard","has-post-thumbnail","hentry","category-non-classifiee","tag-ilae","tag-salon"],"acf":[],"_links":{"self":[{"href":"https:\/\/www.alcis.net\/en\/wp-json\/wp\/v2\/posts\/1282","targetHints":{"allow":["GET"]}}],"collection":[{"href":"https:\/\/www.alcis.net\/en\/wp-json\/wp\/v2\/posts"}],"about":[{"href":"https:\/\/www.alcis.net\/en\/wp-json\/wp\/v2\/types\/post"}],"author":[{"embeddable":true,"href":"https:\/\/www.alcis.net\/en\/wp-json\/wp\/v2\/users\/7"}],"replies":[{"embeddable":true,"href":"https:\/\/www.alcis.net\/en\/wp-json\/wp\/v2\/comments?post=1282"}],"version-history":[{"count":4,"href":"https:\/\/www.alcis.net\/en\/wp-json\/wp\/v2\/posts\/1282\/revisions"}],"predecessor-version":[{"id":1289,"href":"https:\/\/www.alcis.net\/en\/wp-json\/wp\/v2\/posts\/1282\/revisions\/1289"}],"wp:featuredmedia":[{"embeddable":true,"href":"https:\/\/www.alcis.net\/en\/wp-json\/wp\/v2\/media\/1295"}],"wp:attachment":[{"href":"https:\/\/www.alcis.net\/en\/wp-json\/wp\/v2\/media?parent=1282"}],"wp:term":[{"taxonomy":"category","embeddable":true,"href":"https:\/\/www.alcis.net\/en\/wp-json\/wp\/v2\/categories?post=1282"},{"taxonomy":"post_tag","embeddable":true,"href":"https:\/\/www.alcis.net\/en\/wp-json\/wp\/v2\/tags?post=1282"}],"curies":[{"name":"wp","href":"https:\/\/api.w.org\/{rel}","templated":true}]}}